{"id":11826,"date":"2025-03-17T14:42:50","date_gmt":"2025-03-17T13:42:50","guid":{"rendered":"https:\/\/rimec.it\/news\/rimec-fete-ses-45-ans-merci-de-nous-rejoindre-dans-ce-voyage\/"},"modified":"2025-03-17T14:42:51","modified_gmt":"2025-03-17T13:42:51","slug":"rimec-fete-ses-45-ans-merci-de-nous-rejoindre-dans-ce-voyage","status":"publish","type":"post","link":"https:\/\/rimec.it\/fr\/mises-a-jour\/rimec-fete-ses-45-ans-merci-de-nous-rejoindre-dans-ce-voyage\/","title":{"rendered":"RIMEC f\u00eate ses 45 ans ! Merci de nous rejoindre dans ce voyage"},"content":{"rendered":"\t\t<div data-elementor-type=\"wp-post\" data-elementor-id=\"11826\" class=\"elementor elementor-11826 elementor-11811\">\n\t\t\t\t\t\t<section class=\"elementor-section elementor-top-section elementor-element elementor-element-a560042 elementor-section-boxed elementor-section-height-default elementor-section-height-default\" data-id=\"a560042\" data-element_type=\"section\" data-e-type=\"section\">\n\t\t\t\t\t\t<div class=\"elementor-container elementor-column-gap-default\">\n\t\t\t\t\t<div class=\"elementor-column elementor-col-100 elementor-top-column elementor-element elementor-element-d166129\" data-id=\"d166129\" data-element_type=\"column\" data-e-type=\"column\">\n\t\t\t<div class=\"elementor-widget-wrap elementor-element-populated\">\n\t\t\t\t\t\t<div class=\"elementor-element elementor-element-7637e20 elementor-widget elementor-widget-text-editor\" data-id=\"7637e20\" data-element_type=\"widget\" data-e-type=\"widget\" data-widget_type=\"text-editor.default\">\n\t\t\t\t<div class=\"elementor-widget-container\">\n\t\t\t\t\t\t\t\t\t<p>Aujourd&rsquo;hui, RIMEC c\u00e9l\u00e8bre une \u00e9tape importante : <em><strong>45 ans depuis sa cr\u00e9ation, <\/strong><\/em>ann\u00e9es qui nous ont vu protagonistes de nombreux changements mais toujours sous le signe de la fiabilit\u00e9.<br \/>Depuis de nombreuses ann\u00e9es, nous sommes r\u00e9put\u00e9s pour nos appareils CPM Fisiotek qui ont toujours repr\u00e9sent\u00e9 l&rsquo;excellence en termes de pr\u00e9cision m\u00e9canique et de robustesse.<br \/>Ces ann\u00e9es ont \u00e9t\u00e9 marqu\u00e9es par un engagement constant et une croissance continue, mais surtout par un lien privil\u00e9gi\u00e9 avec tous ceux qui ont contribu\u00e9 \u00e0 notre succ\u00e8s : <em><strong>nos clients, distributeurs, fournisseurs et partenaires<\/strong><\/em>. C&rsquo;est vous qui croyez chaque jour en la qualit\u00e9 de nos appareils qui est la contribution la plus importante \u00e0 notre succ\u00e8s ! <\/p>\n<p><em><strong>En ce jour sp\u00e9cial, nos sinc\u00e8res remerciements vont \u00e0 vous tous, qui avez partag\u00e9 avec nous une partie de notre histoire et nous avez accompagn\u00e9s dans ce voyage.<\/strong><\/em><br \/>Nous regardons l\u2019avenir avec la m\u00eame d\u00e9termination que toujours, pr\u00eats \u00e0 relever de nouveaux d\u00e9fis et \u00e0 soutenir le bien-\u00eatre des patients.<\/p>\n\t\t\t\t\t\t\t\t<\/div>\n\t\t\t\t<\/div>\n\t\t\t\t<div class=\"elementor-element elementor-element-a297746 elementor-widget elementor-widget-image\" data-id=\"a297746\" data-element_type=\"widget\" data-e-type=\"widget\" data-widget_type=\"image.default\">\n\t\t\t\t<div class=\"elementor-widget-container\">\n\t\t\t\t\t\t\t\t\t\t\t\t\t\t\t<img fetchpriority=\"high\" decoding=\"async\" width=\"1024\" height=\"748\" src=\"https:\/\/rimec.it\/wp-content\/uploads\/2025\/03\/1-1024x748.png\" class=\"attachment-large size-large wp-image-11814\" alt=\"Immagine che rappresenta i vari traguardi in ambito medico raggiunti da Rimec nei suoi 45 anni di attivit\u00e0\" srcset=\"https:\/\/rimec.it\/wp-content\/uploads\/2025\/03\/1-1024x748.png 1024w, https:\/\/rimec.it\/wp-content\/uploads\/2025\/03\/1-300x219.png 300w, https:\/\/rimec.it\/wp-content\/uploads\/2025\/03\/1-768x561.png 768w, https:\/\/rimec.it\/wp-content\/uploads\/2025\/03\/1-1536x1122.png 1536w, https:\/\/rimec.it\/wp-content\/uploads\/2025\/03\/1-2048x1496.png 2048w\" sizes=\"(max-width: 1024px) 100vw, 1024px\" \/>\t\t\t\t\t\t\t\t\t\t\t\t\t\t\t<\/div>\n\t\t\t\t<\/div>\n\t\t\t\t\t<\/div>\n\t\t<\/div>\n\t\t\t\t\t<\/div>\n\t\t<\/section>\n\t\t\t\t<\/div>\n\t\t","protected":false},"excerpt":{"rendered":"<p>Aujourd&rsquo;hui, RIMEC c\u00e9l\u00e8bre une \u00e9tape importante : 45 ans depuis sa cr\u00e9ation, ann\u00e9es qui nous ont vu protagonistes de nombreux changements mais toujours sous le signe de la fiabilit\u00e9.Depuis de nombreuses ann\u00e9es, nous sommes r\u00e9put\u00e9s pour nos appareils CPM Fisiotek qui ont toujours repr\u00e9sent\u00e9 l&rsquo;excellence en termes de pr\u00e9cision m\u00e9canique et de robustesse.Ces ann\u00e9es ont [&hellip;]<\/p>\n","protected":false},"author":3,"featured_media":11814,"comment_status":"open","ping_status":"open","sticky":false,"template":"","format":"standard","meta":{"ocean_post_layout":"","ocean_both_sidebars_style":"","ocean_both_sidebars_content_width":0,"ocean_both_sidebars_sidebars_width":0,"ocean_sidebar":"0","ocean_second_sidebar":"0","ocean_disable_margins":"enable","ocean_add_body_class":"","ocean_shortcode_before_top_bar":"","ocean_shortcode_after_top_bar":"","ocean_shortcode_before_header":"","ocean_shortcode_after_header":"","ocean_has_shortcode":"","ocean_shortcode_after_title":"","ocean_shortcode_before_footer_widgets":"","ocean_shortcode_after_footer_widgets":"","ocean_shortcode_before_footer_bottom":"","ocean_shortcode_after_footer_bottom":"","ocean_display_top_bar":"default","ocean_display_header":"default","ocean_header_style":"","ocean_center_header_left_menu":"0","ocean_custom_header_template":"0","ocean_custom_logo":0,"ocean_custom_retina_logo":0,"ocean_custom_logo_max_width":0,"ocean_custom_logo_tablet_max_width":0,"ocean_custom_logo_mobile_max_width":0,"ocean_custom_logo_max_height":0,"ocean_custom_logo_tablet_max_height":0,"ocean_custom_logo_mobile_max_height":0,"ocean_header_custom_menu":"0","ocean_menu_typo_font_family":"0","ocean_menu_typo_font_subset":"","ocean_menu_typo_font_size":0,"ocean_menu_typo_font_size_tablet":0,"ocean_menu_typo_font_size_mobile":0,"ocean_menu_typo_font_size_unit":"px","ocean_menu_typo_font_weight":"","ocean_menu_typo_font_weight_tablet":"","ocean_menu_typo_font_weight_mobile":"","ocean_menu_typo_transform":"","ocean_menu_typo_transform_tablet":"","ocean_menu_typo_transform_mobile":"","ocean_menu_typo_line_height":0,"ocean_menu_typo_line_height_tablet":0,"ocean_menu_typo_line_height_mobile":0,"ocean_menu_typo_line_height_unit":"","ocean_menu_typo_spacing":0,"ocean_menu_typo_spacing_tablet":0,"ocean_menu_typo_spacing_mobile":0,"ocean_menu_typo_spacing_unit":"","ocean_menu_link_color":"","ocean_menu_link_color_hover":"","ocean_menu_link_color_active":"","ocean_menu_link_background":"","ocean_menu_link_hover_background":"","ocean_menu_link_active_background":"","ocean_menu_social_links_bg":"","ocean_menu_social_hover_links_bg":"","ocean_menu_social_links_color":"","ocean_menu_social_hover_links_color":"","ocean_disable_title":"default","ocean_disable_heading":"default","ocean_post_title":"","ocean_post_subheading":"","ocean_post_title_style":"","ocean_post_title_background_color":"","ocean_post_title_background":0,"ocean_post_title_bg_image_position":"","ocean_post_title_bg_image_attachment":"","ocean_post_title_bg_image_repeat":"","ocean_post_title_bg_image_size":"","ocean_post_title_height":0,"ocean_post_title_bg_overlay":0.5,"ocean_post_title_bg_overlay_color":"","ocean_disable_breadcrumbs":"default","ocean_breadcrumbs_color":"","ocean_breadcrumbs_separator_color":"","ocean_breadcrumbs_links_color":"","ocean_breadcrumbs_links_hover_color":"","ocean_display_footer_widgets":"default","ocean_display_footer_bottom":"default","ocean_custom_footer_template":"0","osh_disable_topbar_sticky":"default","osh_disable_header_sticky":"default","osh_sticky_header_style":"default","osh_sticky_header_effect":"","osh_custom_sticky_logo":0,"osh_custom_retina_sticky_logo":0,"osh_custom_sticky_logo_height":0,"osh_background_color":"","osh_links_color":"","osh_links_hover_color":"","osh_links_active_color":"","osh_links_bg_color":"","osh_links_hover_bg_color":"","osh_links_active_bg_color":"","osh_menu_social_links_color":"","osh_menu_social_hover_links_color":"","ocean_post_oembed":"","ocean_post_self_hosted_media":"","ocean_post_video_embed":"","ocean_link_format":"","ocean_link_format_target":"self","ocean_quote_format":"","ocean_quote_format_link":"post","ocean_gallery_link_images":"on","ocean_gallery_id":[],"footnotes":""},"categories":[260],"tags":[],"class_list":["post-11826","post","type-post","status-publish","format-standard","has-post-thumbnail","hentry","category-mises-a-jour","entry","has-media"],"yoast_head":"<!-- This site is optimized with the Yoast SEO plugin v27.0 - https:\/\/yoast.com\/product\/yoast-seo-wordpress\/ -->\n<title>RIMEC f\u00eate ses 45 ans ! Merci de nous rejoindre dans ce voyage - Rimec<\/title>\n<meta name=\"robots\" content=\"index, follow, max-snippet:-1, max-image-preview:large, max-video-preview:-1\" \/>\n<link rel=\"canonical\" href=\"https:\/\/rimec.it\/fr\/mises-a-jour\/rimec-fete-ses-45-ans-merci-de-nous-rejoindre-dans-ce-voyage\/\" \/>\n<meta property=\"og:locale\" content=\"fr_FR\" \/>\n<meta property=\"og:type\" content=\"article\" \/>\n<meta property=\"og:title\" content=\"RIMEC f\u00eate ses 45 ans ! Merci de nous rejoindre dans ce voyage - Rimec\" \/>\n<meta property=\"og:description\" content=\"Aujourd&rsquo;hui, RIMEC c\u00e9l\u00e8bre une \u00e9tape importante : 45 ans depuis sa cr\u00e9ation, ann\u00e9es qui nous ont vu protagonistes de nombreux changements mais toujours sous le signe de la fiabilit\u00e9.Depuis de nombreuses ann\u00e9es, nous sommes r\u00e9put\u00e9s pour nos appareils CPM Fisiotek qui ont toujours repr\u00e9sent\u00e9 l&rsquo;excellence en termes de pr\u00e9cision m\u00e9canique et de robustesse.Ces ann\u00e9es ont [&hellip;]\" \/>\n<meta property=\"og:url\" content=\"https:\/\/rimec.it\/fr\/mises-a-jour\/rimec-fete-ses-45-ans-merci-de-nous-rejoindre-dans-ce-voyage\/\" \/>\n<meta property=\"og:site_name\" content=\"Rimec\" \/>\n<meta property=\"article:publisher\" content=\"https:\/\/www.facebook.com\/pages\/Rimec-Srl\/442323525800057\" \/>\n<meta property=\"article:published_time\" content=\"2025-03-17T13:42:50+00:00\" \/>\n<meta property=\"article:modified_time\" content=\"2025-03-17T13:42:51+00:00\" \/>\n<meta property=\"og:image\" content=\"https:\/\/rimec.it\/wp-content\/uploads\/2025\/03\/1-1024x748.png\" \/>\n\t<meta property=\"og:image:width\" content=\"1024\" \/>\n\t<meta property=\"og:image:height\" content=\"748\" \/>\n\t<meta property=\"og:image:type\" content=\"image\/png\" \/>\n<meta name=\"author\" content=\"Anna Ap\" \/>\n<meta name=\"twitter:card\" content=\"summary_large_image\" \/>\n<meta name=\"twitter:label1\" content=\"\u00c9crit par\" \/>\n\t<meta name=\"twitter:data1\" content=\"Anna Ap\" \/>\n\t<meta name=\"twitter:label2\" content=\"Dur\u00e9e de lecture estim\u00e9e\" \/>\n\t<meta name=\"twitter:data2\" content=\"1 minute\" \/>\n<script type=\"application\/ld+json\" class=\"yoast-schema-graph\">{\"@context\":\"https:\/\/schema.org\",\"@graph\":[{\"@type\":\"Article\",\"@id\":\"https:\/\/rimec.it\/fr\/mises-a-jour\/rimec-fete-ses-45-ans-merci-de-nous-rejoindre-dans-ce-voyage\/#article\",\"isPartOf\":{\"@id\":\"https:\/\/rimec.it\/fr\/mises-a-jour\/rimec-fete-ses-45-ans-merci-de-nous-rejoindre-dans-ce-voyage\/\"},\"author\":{\"name\":\"Anna Ap\",\"@id\":\"https:\/\/rimec.it\/#\/schema\/person\/5473d9faa5548ef9c0eefd33b75e373a\"},\"headline\":\"RIMEC f\u00eate ses 45 ans ! Merci de nous rejoindre dans ce voyage\",\"datePublished\":\"2025-03-17T13:42:50+00:00\",\"dateModified\":\"2025-03-17T13:42:51+00:00\",\"mainEntityOfPage\":{\"@id\":\"https:\/\/rimec.it\/fr\/mises-a-jour\/rimec-fete-ses-45-ans-merci-de-nous-rejoindre-dans-ce-voyage\/\"},\"wordCount\":192,\"commentCount\":0,\"publisher\":{\"@id\":\"https:\/\/rimec.it\/#organization\"},\"image\":{\"@id\":\"https:\/\/rimec.it\/fr\/mises-a-jour\/rimec-fete-ses-45-ans-merci-de-nous-rejoindre-dans-ce-voyage\/#primaryimage\"},\"thumbnailUrl\":\"https:\/\/rimec.it\/wp-content\/uploads\/2025\/03\/1.png\",\"articleSection\":[\"Mises \u00e0 jour\"],\"inLanguage\":\"fr-FR\"},{\"@type\":\"WebPage\",\"@id\":\"https:\/\/rimec.it\/fr\/mises-a-jour\/rimec-fete-ses-45-ans-merci-de-nous-rejoindre-dans-ce-voyage\/\",\"url\":\"https:\/\/rimec.it\/fr\/mises-a-jour\/rimec-fete-ses-45-ans-merci-de-nous-rejoindre-dans-ce-voyage\/\",\"name\":\"RIMEC f\u00eate ses 45 ans ! Merci de nous rejoindre dans ce voyage - Rimec\",\"isPartOf\":{\"@id\":\"https:\/\/rimec.it\/#website\"},\"primaryImageOfPage\":{\"@id\":\"https:\/\/rimec.it\/fr\/mises-a-jour\/rimec-fete-ses-45-ans-merci-de-nous-rejoindre-dans-ce-voyage\/#primaryimage\"},\"image\":{\"@id\":\"https:\/\/rimec.it\/fr\/mises-a-jour\/rimec-fete-ses-45-ans-merci-de-nous-rejoindre-dans-ce-voyage\/#primaryimage\"},\"thumbnailUrl\":\"https:\/\/rimec.it\/wp-content\/uploads\/2025\/03\/1.png\",\"datePublished\":\"2025-03-17T13:42:50+00:00\",\"dateModified\":\"2025-03-17T13:42:51+00:00\",\"breadcrumb\":{\"@id\":\"https:\/\/rimec.it\/fr\/mises-a-jour\/rimec-fete-ses-45-ans-merci-de-nous-rejoindre-dans-ce-voyage\/#breadcrumb\"},\"inLanguage\":\"fr-FR\",\"potentialAction\":[{\"@type\":\"ReadAction\",\"target\":[\"https:\/\/rimec.it\/fr\/mises-a-jour\/rimec-fete-ses-45-ans-merci-de-nous-rejoindre-dans-ce-voyage\/\"]}]},{\"@type\":\"ImageObject\",\"inLanguage\":\"fr-FR\",\"@id\":\"https:\/\/rimec.it\/fr\/mises-a-jour\/rimec-fete-ses-45-ans-merci-de-nous-rejoindre-dans-ce-voyage\/#primaryimage\",\"url\":\"https:\/\/rimec.it\/wp-content\/uploads\/2025\/03\/1.png\",\"contentUrl\":\"https:\/\/rimec.it\/wp-content\/uploads\/2025\/03\/1.png\",\"width\":4347,\"height\":3175,\"caption\":\"Immagine che rappresenta i vari traguardi in ambito medico raggiunti da Rimec nei suoi 45 anni di attivit\u00e0\"},{\"@type\":\"BreadcrumbList\",\"@id\":\"https:\/\/rimec.it\/fr\/mises-a-jour\/rimec-fete-ses-45-ans-merci-de-nous-rejoindre-dans-ce-voyage\/#breadcrumb\",\"itemListElement\":[{\"@type\":\"ListItem\",\"position\":1,\"name\":\"Home\",\"item\":\"https:\/\/rimec.it\/fr\/\"},{\"@type\":\"ListItem\",\"position\":2,\"name\":\"RIMEC f\u00eate ses 45 ans ! Merci de nous rejoindre dans ce voyage\"}]},{\"@type\":\"WebSite\",\"@id\":\"https:\/\/rimec.it\/#website\",\"url\":\"https:\/\/rimec.it\/\",\"name\":\"Rimec - Mobilizzazione passiva\",\"description\":\"Mobilizzazione passiva dal 1980\",\"publisher\":{\"@id\":\"https:\/\/rimec.it\/#organization\"},\"potentialAction\":[{\"@type\":\"SearchAction\",\"target\":{\"@type\":\"EntryPoint\",\"urlTemplate\":\"https:\/\/rimec.it\/?s={search_term_string}\"},\"query-input\":{\"@type\":\"PropertyValueSpecification\",\"valueRequired\":true,\"valueName\":\"search_term_string\"}}],\"inLanguage\":\"fr-FR\"},{\"@type\":\"Organization\",\"@id\":\"https:\/\/rimec.it\/#organization\",\"name\":\"Rimec Srl\",\"url\":\"https:\/\/rimec.it\/\",\"logo\":{\"@type\":\"ImageObject\",\"inLanguage\":\"fr-FR\",\"@id\":\"https:\/\/rimec.it\/#\/schema\/logo\/image\/\",\"url\":\"https:\/\/rimec.it\/wp-content\/uploads\/2016\/07\/logo-Rimec-big.png\",\"contentUrl\":\"https:\/\/rimec.it\/wp-content\/uploads\/2016\/07\/logo-Rimec-big.png\",\"width\":2000,\"height\":778,\"caption\":\"Rimec Srl\"},\"image\":{\"@id\":\"https:\/\/rimec.it\/#\/schema\/logo\/image\/\"},\"sameAs\":[\"https:\/\/www.facebook.com\/pages\/Rimec-Srl\/442323525800057\",\"https:\/\/www.linkedin.com\/company\/2910227\",\"https:\/\/www.youtube.com\/user\/Fisiotek3000\"]},{\"@type\":\"Person\",\"@id\":\"https:\/\/rimec.it\/#\/schema\/person\/5473d9faa5548ef9c0eefd33b75e373a\",\"name\":\"Anna Ap\"}]}<\/script>\n<!-- \/ Yoast SEO plugin. -->","yoast_head_json":{"title":"RIMEC f\u00eate ses 45 ans ! Merci de nous rejoindre dans ce voyage - Rimec","robots":{"index":"index","follow":"follow","max-snippet":"max-snippet:-1","max-image-preview":"max-image-preview:large","max-video-preview":"max-video-preview:-1"},"canonical":"https:\/\/rimec.it\/fr\/mises-a-jour\/rimec-fete-ses-45-ans-merci-de-nous-rejoindre-dans-ce-voyage\/","og_locale":"fr_FR","og_type":"article","og_title":"RIMEC f\u00eate ses 45 ans ! Merci de nous rejoindre dans ce voyage - Rimec","og_description":"Aujourd&rsquo;hui, RIMEC c\u00e9l\u00e8bre une \u00e9tape importante : 45 ans depuis sa cr\u00e9ation, ann\u00e9es qui nous ont vu protagonistes de nombreux changements mais toujours sous le signe de la fiabilit\u00e9.Depuis de nombreuses ann\u00e9es, nous sommes r\u00e9put\u00e9s pour nos appareils CPM Fisiotek qui ont toujours repr\u00e9sent\u00e9 l&rsquo;excellence en termes de pr\u00e9cision m\u00e9canique et de robustesse.Ces ann\u00e9es ont [&hellip;]","og_url":"https:\/\/rimec.it\/fr\/mises-a-jour\/rimec-fete-ses-45-ans-merci-de-nous-rejoindre-dans-ce-voyage\/","og_site_name":"Rimec","article_publisher":"https:\/\/www.facebook.com\/pages\/Rimec-Srl\/442323525800057","article_published_time":"2025-03-17T13:42:50+00:00","article_modified_time":"2025-03-17T13:42:51+00:00","og_image":[{"width":1024,"height":748,"url":"https:\/\/rimec.it\/wp-content\/uploads\/2025\/03\/1-1024x748.png","type":"image\/png"}],"author":"Anna Ap","twitter_card":"summary_large_image","twitter_misc":{"\u00c9crit par":"Anna Ap","Dur\u00e9e de lecture estim\u00e9e":"1 minute"},"schema":{"@context":"https:\/\/schema.org","@graph":[{"@type":"Article","@id":"https:\/\/rimec.it\/fr\/mises-a-jour\/rimec-fete-ses-45-ans-merci-de-nous-rejoindre-dans-ce-voyage\/#article","isPartOf":{"@id":"https:\/\/rimec.it\/fr\/mises-a-jour\/rimec-fete-ses-45-ans-merci-de-nous-rejoindre-dans-ce-voyage\/"},"author":{"name":"Anna Ap","@id":"https:\/\/rimec.it\/#\/schema\/person\/5473d9faa5548ef9c0eefd33b75e373a"},"headline":"RIMEC f\u00eate ses 45 ans ! Merci de nous rejoindre dans ce voyage","datePublished":"2025-03-17T13:42:50+00:00","dateModified":"2025-03-17T13:42:51+00:00","mainEntityOfPage":{"@id":"https:\/\/rimec.it\/fr\/mises-a-jour\/rimec-fete-ses-45-ans-merci-de-nous-rejoindre-dans-ce-voyage\/"},"wordCount":192,"commentCount":0,"publisher":{"@id":"https:\/\/rimec.it\/#organization"},"image":{"@id":"https:\/\/rimec.it\/fr\/mises-a-jour\/rimec-fete-ses-45-ans-merci-de-nous-rejoindre-dans-ce-voyage\/#primaryimage"},"thumbnailUrl":"https:\/\/rimec.it\/wp-content\/uploads\/2025\/03\/1.png","articleSection":["Mises \u00e0 jour"],"inLanguage":"fr-FR"},{"@type":"WebPage","@id":"https:\/\/rimec.it\/fr\/mises-a-jour\/rimec-fete-ses-45-ans-merci-de-nous-rejoindre-dans-ce-voyage\/","url":"https:\/\/rimec.it\/fr\/mises-a-jour\/rimec-fete-ses-45-ans-merci-de-nous-rejoindre-dans-ce-voyage\/","name":"RIMEC f\u00eate ses 45 ans ! Merci de nous rejoindre dans ce voyage - Rimec","isPartOf":{"@id":"https:\/\/rimec.it\/#website"},"primaryImageOfPage":{"@id":"https:\/\/rimec.it\/fr\/mises-a-jour\/rimec-fete-ses-45-ans-merci-de-nous-rejoindre-dans-ce-voyage\/#primaryimage"},"image":{"@id":"https:\/\/rimec.it\/fr\/mises-a-jour\/rimec-fete-ses-45-ans-merci-de-nous-rejoindre-dans-ce-voyage\/#primaryimage"},"thumbnailUrl":"https:\/\/rimec.it\/wp-content\/uploads\/2025\/03\/1.png","datePublished":"2025-03-17T13:42:50+00:00","dateModified":"2025-03-17T13:42:51+00:00","breadcrumb":{"@id":"https:\/\/rimec.it\/fr\/mises-a-jour\/rimec-fete-ses-45-ans-merci-de-nous-rejoindre-dans-ce-voyage\/#breadcrumb"},"inLanguage":"fr-FR","potentialAction":[{"@type":"ReadAction","target":["https:\/\/rimec.it\/fr\/mises-a-jour\/rimec-fete-ses-45-ans-merci-de-nous-rejoindre-dans-ce-voyage\/"]}]},{"@type":"ImageObject","inLanguage":"fr-FR","@id":"https:\/\/rimec.it\/fr\/mises-a-jour\/rimec-fete-ses-45-ans-merci-de-nous-rejoindre-dans-ce-voyage\/#primaryimage","url":"https:\/\/rimec.it\/wp-content\/uploads\/2025\/03\/1.png","contentUrl":"https:\/\/rimec.it\/wp-content\/uploads\/2025\/03\/1.png","width":4347,"height":3175,"caption":"Immagine che rappresenta i vari traguardi in ambito medico raggiunti da Rimec nei suoi 45 anni di attivit\u00e0"},{"@type":"BreadcrumbList","@id":"https:\/\/rimec.it\/fr\/mises-a-jour\/rimec-fete-ses-45-ans-merci-de-nous-rejoindre-dans-ce-voyage\/#breadcrumb","itemListElement":[{"@type":"ListItem","position":1,"name":"Home","item":"https:\/\/rimec.it\/fr\/"},{"@type":"ListItem","position":2,"name":"RIMEC f\u00eate ses 45 ans ! Merci de nous rejoindre dans ce voyage"}]},{"@type":"WebSite","@id":"https:\/\/rimec.it\/#website","url":"https:\/\/rimec.it\/","name":"Rimec - Mobilizzazione passiva","description":"Mobilizzazione passiva dal 1980","publisher":{"@id":"https:\/\/rimec.it\/#organization"},"potentialAction":[{"@type":"SearchAction","target":{"@type":"EntryPoint","urlTemplate":"https:\/\/rimec.it\/?s={search_term_string}"},"query-input":{"@type":"PropertyValueSpecification","valueRequired":true,"valueName":"search_term_string"}}],"inLanguage":"fr-FR"},{"@type":"Organization","@id":"https:\/\/rimec.it\/#organization","name":"Rimec Srl","url":"https:\/\/rimec.it\/","logo":{"@type":"ImageObject","inLanguage":"fr-FR","@id":"https:\/\/rimec.it\/#\/schema\/logo\/image\/","url":"https:\/\/rimec.it\/wp-content\/uploads\/2016\/07\/logo-Rimec-big.png","contentUrl":"https:\/\/rimec.it\/wp-content\/uploads\/2016\/07\/logo-Rimec-big.png","width":2000,"height":778,"caption":"Rimec Srl"},"image":{"@id":"https:\/\/rimec.it\/#\/schema\/logo\/image\/"},"sameAs":["https:\/\/www.facebook.com\/pages\/Rimec-Srl\/442323525800057","https:\/\/www.linkedin.com\/company\/2910227","https:\/\/www.youtube.com\/user\/Fisiotek3000"]},{"@type":"Person","@id":"https:\/\/rimec.it\/#\/schema\/person\/5473d9faa5548ef9c0eefd33b75e373a","name":"Anna Ap"}]}},"_links":{"self":[{"href":"https:\/\/rimec.it\/fr\/wp-json\/wp\/v2\/posts\/11826","targetHints":{"allow":["GET"]}}],"collection":[{"href":"https:\/\/rimec.it\/fr\/wp-json\/wp\/v2\/posts"}],"about":[{"href":"https:\/\/rimec.it\/fr\/wp-json\/wp\/v2\/types\/post"}],"author":[{"embeddable":true,"href":"https:\/\/rimec.it\/fr\/wp-json\/wp\/v2\/users\/3"}],"replies":[{"embeddable":true,"href":"https:\/\/rimec.it\/fr\/wp-json\/wp\/v2\/comments?post=11826"}],"version-history":[{"count":1,"href":"https:\/\/rimec.it\/fr\/wp-json\/wp\/v2\/posts\/11826\/revisions"}],"predecessor-version":[{"id":11827,"href":"https:\/\/rimec.it\/fr\/wp-json\/wp\/v2\/posts\/11826\/revisions\/11827"}],"wp:featuredmedia":[{"embeddable":true,"href":"https:\/\/rimec.it\/fr\/wp-json\/wp\/v2\/media\/11814"}],"wp:attachment":[{"href":"https:\/\/rimec.it\/fr\/wp-json\/wp\/v2\/media?parent=11826"}],"wp:term":[{"taxonomy":"category","embeddable":true,"href":"https:\/\/rimec.it\/fr\/wp-json\/wp\/v2\/categories?post=11826"},{"taxonomy":"post_tag","embeddable":true,"href":"https:\/\/rimec.it\/fr\/wp-json\/wp\/v2\/tags?post=11826"}],"curies":[{"name":"wp","href":"https:\/\/api.w.org\/{rel}","templated":true}]}}