{"id":11830,"date":"2025-03-17T14:51:05","date_gmt":"2025-03-17T13:51:05","guid":{"rendered":"https:\/\/rimec.it\/news\/rimec-cumple-45-anos-gracias-por-acompanarnos-en-este-viaje\/"},"modified":"2025-03-17T14:51:06","modified_gmt":"2025-03-17T13:51:06","slug":"rimec-cumple-45-anos-gracias-por-acompanarnos-en-este-viaje","status":"publish","type":"post","link":"https:\/\/rimec.it\/es\/actualizaciones\/rimec-cumple-45-anos-gracias-por-acompanarnos-en-este-viaje\/","title":{"rendered":"\u00a1RIMEC cumple 45 a\u00f1os! Gracias por acompa\u00f1arnos en este viaje."},"content":{"rendered":"\t\t<div data-elementor-type=\"wp-post\" data-elementor-id=\"11830\" class=\"elementor elementor-11830 elementor-11811\">\n\t\t\t\t\t\t<section class=\"elementor-section elementor-top-section elementor-element elementor-element-a560042 elementor-section-boxed elementor-section-height-default elementor-section-height-default\" data-id=\"a560042\" data-element_type=\"section\" data-e-type=\"section\">\n\t\t\t\t\t\t<div class=\"elementor-container elementor-column-gap-default\">\n\t\t\t\t\t<div class=\"elementor-column elementor-col-100 elementor-top-column elementor-element elementor-element-d166129\" data-id=\"d166129\" data-element_type=\"column\" data-e-type=\"column\">\n\t\t\t<div class=\"elementor-widget-wrap elementor-element-populated\">\n\t\t\t\t\t\t<div class=\"elementor-element elementor-element-7637e20 elementor-widget elementor-widget-text-editor\" data-id=\"7637e20\" data-element_type=\"widget\" data-e-type=\"widget\" data-widget_type=\"text-editor.default\">\n\t\t\t\t<div class=\"elementor-widget-container\">\n\t\t\t\t\t\t\t\t\t<p>Hoy RIMEC celebra un hito importante: <em><strong>45 a\u00f1os desde su fundaci\u00f3n<\/strong><\/em>, a\u00f1os que nos han visto protagonistas de muchos cambios pero siempre bajo el signo de la confiabilidad.<br \/>Desde hace muchos a\u00f1os somos reconocidos por nuestros dispositivos CPM Fisiotek que siempre han representado la excelencia en t\u00e9rminos de precisi\u00f3n mec\u00e1nica y robustez.<br \/>Estos a\u00f1os han estado marcados por un compromiso constante y un crecimiento continuo, pero sobre todo por un v\u00ednculo especial con todos aquellos que han contribuido a nuestro \u00e9xito:<em><strong> nuestros clientes, distribuidores, proveedores y socios.<\/strong><\/em> \u00a1Son ustedes los que creen cada d\u00eda en la calidad de nuestros dispositivos, que es la contribuci\u00f3n m\u00e1s importante a nuestro \u00e9xito! <\/p>\n<p><em><strong>En este d\u00eda tan especial, nuestro m\u00e1s sincero agradecimiento a todos ustedes, que compartieron con nosotros parte de nuestra historia y nos acompa\u00f1aron en este camino.<\/strong><\/em><br \/>Miramos hacia el futuro con la misma determinaci\u00f3n de siempre, dispuestos a asumir nuevos desaf\u00edos y apoyar el bienestar de los pacientes.<\/p>\n\t\t\t\t\t\t\t\t<\/div>\n\t\t\t\t<\/div>\n\t\t\t\t<div class=\"elementor-element elementor-element-a297746 elementor-widget elementor-widget-image\" data-id=\"a297746\" data-element_type=\"widget\" data-e-type=\"widget\" data-widget_type=\"image.default\">\n\t\t\t\t<div class=\"elementor-widget-container\">\n\t\t\t\t\t\t\t\t\t\t\t\t\t\t\t<img fetchpriority=\"high\" decoding=\"async\" width=\"1024\" height=\"748\" src=\"https:\/\/rimec.it\/wp-content\/uploads\/2025\/03\/1-1024x748.png\" class=\"attachment-large size-large wp-image-11816\" alt=\"Immagine che rappresenta i vari traguardi in ambito medico raggiunti da Rimec nei suoi 45 anni di attivit\u00e0\" srcset=\"https:\/\/rimec.it\/wp-content\/uploads\/2025\/03\/1-1024x748.png 1024w, https:\/\/rimec.it\/wp-content\/uploads\/2025\/03\/1-300x219.png 300w, https:\/\/rimec.it\/wp-content\/uploads\/2025\/03\/1-768x561.png 768w, https:\/\/rimec.it\/wp-content\/uploads\/2025\/03\/1-1536x1122.png 1536w, https:\/\/rimec.it\/wp-content\/uploads\/2025\/03\/1-2048x1496.png 2048w\" sizes=\"(max-width: 1024px) 100vw, 1024px\" \/>\t\t\t\t\t\t\t\t\t\t\t\t\t\t\t<\/div>\n\t\t\t\t<\/div>\n\t\t\t\t\t<\/div>\n\t\t<\/div>\n\t\t\t\t\t<\/div>\n\t\t<\/section>\n\t\t\t\t<\/div>\n\t\t","protected":false},"excerpt":{"rendered":"<p>Hoy RIMEC celebra un hito importante: 45 a\u00f1os desde su fundaci\u00f3n, a\u00f1os que nos han visto protagonistas de muchos cambios pero siempre bajo el signo de la confiabilidad.Desde hace muchos a\u00f1os somos reconocidos por nuestros dispositivos CPM Fisiotek que siempre han representado la excelencia en t\u00e9rminos de precisi\u00f3n mec\u00e1nica y robustez.Estos a\u00f1os han estado marcados [&hellip;]<\/p>\n","protected":false},"author":3,"featured_media":11816,"comment_status":"open","ping_status":"open","sticky":false,"template":"","format":"standard","meta":{"ocean_post_layout":"","ocean_both_sidebars_style":"","ocean_both_sidebars_content_width":0,"ocean_both_sidebars_sidebars_width":0,"ocean_sidebar":"0","ocean_second_sidebar":"0","ocean_disable_margins":"enable","ocean_add_body_class":"","ocean_shortcode_before_top_bar":"","ocean_shortcode_after_top_bar":"","ocean_shortcode_before_header":"","ocean_shortcode_after_header":"","ocean_has_shortcode":"","ocean_shortcode_after_title":"","ocean_shortcode_before_footer_widgets":"","ocean_shortcode_after_footer_widgets":"","ocean_shortcode_before_footer_bottom":"","ocean_shortcode_after_footer_bottom":"","ocean_display_top_bar":"default","ocean_display_header":"default","ocean_header_style":"","ocean_center_header_left_menu":"0","ocean_custom_header_template":"0","ocean_custom_logo":0,"ocean_custom_retina_logo":0,"ocean_custom_logo_max_width":0,"ocean_custom_logo_tablet_max_width":0,"ocean_custom_logo_mobile_max_width":0,"ocean_custom_logo_max_height":0,"ocean_custom_logo_tablet_max_height":0,"ocean_custom_logo_mobile_max_height":0,"ocean_header_custom_menu":"0","ocean_menu_typo_font_family":"0","ocean_menu_typo_font_subset":"","ocean_menu_typo_font_size":0,"ocean_menu_typo_font_size_tablet":0,"ocean_menu_typo_font_size_mobile":0,"ocean_menu_typo_font_size_unit":"px","ocean_menu_typo_font_weight":"","ocean_menu_typo_font_weight_tablet":"","ocean_menu_typo_font_weight_mobile":"","ocean_menu_typo_transform":"","ocean_menu_typo_transform_tablet":"","ocean_menu_typo_transform_mobile":"","ocean_menu_typo_line_height":0,"ocean_menu_typo_line_height_tablet":0,"ocean_menu_typo_line_height_mobile":0,"ocean_menu_typo_line_height_unit":"","ocean_menu_typo_spacing":0,"ocean_menu_typo_spacing_tablet":0,"ocean_menu_typo_spacing_mobile":0,"ocean_menu_typo_spacing_unit":"","ocean_menu_link_color":"","ocean_menu_link_color_hover":"","ocean_menu_link_color_active":"","ocean_menu_link_background":"","ocean_menu_link_hover_background":"","ocean_menu_link_active_background":"","ocean_menu_social_links_bg":"","ocean_menu_social_hover_links_bg":"","ocean_menu_social_links_color":"","ocean_menu_social_hover_links_color":"","ocean_disable_title":"default","ocean_disable_heading":"default","ocean_post_title":"","ocean_post_subheading":"","ocean_post_title_style":"","ocean_post_title_background_color":"","ocean_post_title_background":0,"ocean_post_title_bg_image_position":"","ocean_post_title_bg_image_attachment":"","ocean_post_title_bg_image_repeat":"","ocean_post_title_bg_image_size":"","ocean_post_title_height":0,"ocean_post_title_bg_overlay":0.5,"ocean_post_title_bg_overlay_color":"","ocean_disable_breadcrumbs":"default","ocean_breadcrumbs_color":"","ocean_breadcrumbs_separator_color":"","ocean_breadcrumbs_links_color":"","ocean_breadcrumbs_links_hover_color":"","ocean_display_footer_widgets":"default","ocean_display_footer_bottom":"default","ocean_custom_footer_template":"0","osh_disable_topbar_sticky":"default","osh_disable_header_sticky":"default","osh_sticky_header_style":"default","osh_sticky_header_effect":"","osh_custom_sticky_logo":0,"osh_custom_retina_sticky_logo":0,"osh_custom_sticky_logo_height":0,"osh_background_color":"","osh_links_color":"","osh_links_hover_color":"","osh_links_active_color":"","osh_links_bg_color":"","osh_links_hover_bg_color":"","osh_links_active_bg_color":"","osh_menu_social_links_color":"","osh_menu_social_hover_links_color":"","ocean_post_oembed":"","ocean_post_self_hosted_media":"","ocean_post_video_embed":"","ocean_link_format":"","ocean_link_format_target":"self","ocean_quote_format":"","ocean_quote_format_link":"post","ocean_gallery_link_images":"on","ocean_gallery_id":[],"footnotes":""},"categories":[262],"tags":[],"class_list":["post-11830","post","type-post","status-publish","format-standard","has-post-thumbnail","hentry","category-actualizaciones","entry","has-media"],"yoast_head":"<!-- This site is optimized with the Yoast SEO plugin v27.0 - https:\/\/yoast.com\/product\/yoast-seo-wordpress\/ -->\n<title>\u00a1RIMEC cumple 45 a\u00f1os! Gracias por acompa\u00f1arnos en este viaje. - Rimec<\/title>\n<meta name=\"robots\" content=\"index, follow, max-snippet:-1, max-image-preview:large, max-video-preview:-1\" \/>\n<link rel=\"canonical\" href=\"https:\/\/rimec.it\/es\/actualizaciones\/rimec-cumple-45-anos-gracias-por-acompanarnos-en-este-viaje\/\" \/>\n<meta property=\"og:locale\" content=\"es_ES\" \/>\n<meta property=\"og:type\" content=\"article\" \/>\n<meta property=\"og:title\" content=\"\u00a1RIMEC cumple 45 a\u00f1os! Gracias por acompa\u00f1arnos en este viaje. - Rimec\" \/>\n<meta property=\"og:description\" content=\"Hoy RIMEC celebra un hito importante: 45 a\u00f1os desde su fundaci\u00f3n, a\u00f1os que nos han visto protagonistas de muchos cambios pero siempre bajo el signo de la confiabilidad.Desde hace muchos a\u00f1os somos reconocidos por nuestros dispositivos CPM Fisiotek que siempre han representado la excelencia en t\u00e9rminos de precisi\u00f3n mec\u00e1nica y robustez.Estos a\u00f1os han estado marcados [&hellip;]\" \/>\n<meta property=\"og:url\" content=\"https:\/\/rimec.it\/es\/actualizaciones\/rimec-cumple-45-anos-gracias-por-acompanarnos-en-este-viaje\/\" \/>\n<meta property=\"og:site_name\" content=\"Rimec\" \/>\n<meta property=\"article:publisher\" content=\"https:\/\/www.facebook.com\/pages\/Rimec-Srl\/442323525800057\" \/>\n<meta property=\"article:published_time\" content=\"2025-03-17T13:51:05+00:00\" \/>\n<meta property=\"article:modified_time\" content=\"2025-03-17T13:51:06+00:00\" \/>\n<meta property=\"og:image\" content=\"https:\/\/rimec.it\/wp-content\/uploads\/2025\/03\/1-1024x748.png\" \/>\n\t<meta property=\"og:image:width\" content=\"1024\" \/>\n\t<meta property=\"og:image:height\" content=\"748\" \/>\n\t<meta property=\"og:image:type\" content=\"image\/png\" \/>\n<meta name=\"author\" content=\"Anna Ap\" \/>\n<meta name=\"twitter:card\" content=\"summary_large_image\" \/>\n<meta name=\"twitter:label1\" content=\"Escrito por\" \/>\n\t<meta name=\"twitter:data1\" content=\"Anna Ap\" \/>\n\t<meta name=\"twitter:label2\" content=\"Tiempo de lectura\" \/>\n\t<meta name=\"twitter:data2\" content=\"1 minuto\" \/>\n<script type=\"application\/ld+json\" class=\"yoast-schema-graph\">{\"@context\":\"https:\/\/schema.org\",\"@graph\":[{\"@type\":\"Article\",\"@id\":\"https:\/\/rimec.it\/es\/actualizaciones\/rimec-cumple-45-anos-gracias-por-acompanarnos-en-este-viaje\/#article\",\"isPartOf\":{\"@id\":\"https:\/\/rimec.it\/es\/actualizaciones\/rimec-cumple-45-anos-gracias-por-acompanarnos-en-este-viaje\/\"},\"author\":{\"name\":\"Anna Ap\",\"@id\":\"https:\/\/rimec.it\/#\/schema\/person\/5473d9faa5548ef9c0eefd33b75e373a\"},\"headline\":\"\u00a1RIMEC cumple 45 a\u00f1os! Gracias por acompa\u00f1arnos en este viaje.\",\"datePublished\":\"2025-03-17T13:51:05+00:00\",\"dateModified\":\"2025-03-17T13:51:06+00:00\",\"mainEntityOfPage\":{\"@id\":\"https:\/\/rimec.it\/es\/actualizaciones\/rimec-cumple-45-anos-gracias-por-acompanarnos-en-este-viaje\/\"},\"wordCount\":184,\"commentCount\":0,\"publisher\":{\"@id\":\"https:\/\/rimec.it\/#organization\"},\"image\":{\"@id\":\"https:\/\/rimec.it\/es\/actualizaciones\/rimec-cumple-45-anos-gracias-por-acompanarnos-en-este-viaje\/#primaryimage\"},\"thumbnailUrl\":\"https:\/\/rimec.it\/wp-content\/uploads\/2025\/03\/1.png\",\"articleSection\":[\"Actualizaciones\"],\"inLanguage\":\"es\"},{\"@type\":\"WebPage\",\"@id\":\"https:\/\/rimec.it\/es\/actualizaciones\/rimec-cumple-45-anos-gracias-por-acompanarnos-en-este-viaje\/\",\"url\":\"https:\/\/rimec.it\/es\/actualizaciones\/rimec-cumple-45-anos-gracias-por-acompanarnos-en-este-viaje\/\",\"name\":\"\u00a1RIMEC cumple 45 a\u00f1os! Gracias por acompa\u00f1arnos en este viaje. - Rimec\",\"isPartOf\":{\"@id\":\"https:\/\/rimec.it\/#website\"},\"primaryImageOfPage\":{\"@id\":\"https:\/\/rimec.it\/es\/actualizaciones\/rimec-cumple-45-anos-gracias-por-acompanarnos-en-este-viaje\/#primaryimage\"},\"image\":{\"@id\":\"https:\/\/rimec.it\/es\/actualizaciones\/rimec-cumple-45-anos-gracias-por-acompanarnos-en-este-viaje\/#primaryimage\"},\"thumbnailUrl\":\"https:\/\/rimec.it\/wp-content\/uploads\/2025\/03\/1.png\",\"datePublished\":\"2025-03-17T13:51:05+00:00\",\"dateModified\":\"2025-03-17T13:51:06+00:00\",\"breadcrumb\":{\"@id\":\"https:\/\/rimec.it\/es\/actualizaciones\/rimec-cumple-45-anos-gracias-por-acompanarnos-en-este-viaje\/#breadcrumb\"},\"inLanguage\":\"es\",\"potentialAction\":[{\"@type\":\"ReadAction\",\"target\":[\"https:\/\/rimec.it\/es\/actualizaciones\/rimec-cumple-45-anos-gracias-por-acompanarnos-en-este-viaje\/\"]}]},{\"@type\":\"ImageObject\",\"inLanguage\":\"es\",\"@id\":\"https:\/\/rimec.it\/es\/actualizaciones\/rimec-cumple-45-anos-gracias-por-acompanarnos-en-este-viaje\/#primaryimage\",\"url\":\"https:\/\/rimec.it\/wp-content\/uploads\/2025\/03\/1.png\",\"contentUrl\":\"https:\/\/rimec.it\/wp-content\/uploads\/2025\/03\/1.png\",\"width\":4347,\"height\":3175,\"caption\":\"Immagine che rappresenta i vari traguardi in ambito medico raggiunti da Rimec nei suoi 45 anni di attivit\u00e0\"},{\"@type\":\"BreadcrumbList\",\"@id\":\"https:\/\/rimec.it\/es\/actualizaciones\/rimec-cumple-45-anos-gracias-por-acompanarnos-en-este-viaje\/#breadcrumb\",\"itemListElement\":[{\"@type\":\"ListItem\",\"position\":1,\"name\":\"Home\",\"item\":\"https:\/\/rimec.it\/es\/\"},{\"@type\":\"ListItem\",\"position\":2,\"name\":\"\u00a1RIMEC cumple 45 a\u00f1os! Gracias por acompa\u00f1arnos en este viaje.\"}]},{\"@type\":\"WebSite\",\"@id\":\"https:\/\/rimec.it\/#website\",\"url\":\"https:\/\/rimec.it\/\",\"name\":\"Rimec - Mobilizzazione passiva\",\"description\":\"Mobilizzazione passiva dal 1980\",\"publisher\":{\"@id\":\"https:\/\/rimec.it\/#organization\"},\"potentialAction\":[{\"@type\":\"SearchAction\",\"target\":{\"@type\":\"EntryPoint\",\"urlTemplate\":\"https:\/\/rimec.it\/?s={search_term_string}\"},\"query-input\":{\"@type\":\"PropertyValueSpecification\",\"valueRequired\":true,\"valueName\":\"search_term_string\"}}],\"inLanguage\":\"es\"},{\"@type\":\"Organization\",\"@id\":\"https:\/\/rimec.it\/#organization\",\"name\":\"Rimec Srl\",\"url\":\"https:\/\/rimec.it\/\",\"logo\":{\"@type\":\"ImageObject\",\"inLanguage\":\"es\",\"@id\":\"https:\/\/rimec.it\/#\/schema\/logo\/image\/\",\"url\":\"https:\/\/rimec.it\/wp-content\/uploads\/2016\/07\/logo-Rimec-big.png\",\"contentUrl\":\"https:\/\/rimec.it\/wp-content\/uploads\/2016\/07\/logo-Rimec-big.png\",\"width\":2000,\"height\":778,\"caption\":\"Rimec Srl\"},\"image\":{\"@id\":\"https:\/\/rimec.it\/#\/schema\/logo\/image\/\"},\"sameAs\":[\"https:\/\/www.facebook.com\/pages\/Rimec-Srl\/442323525800057\",\"https:\/\/www.linkedin.com\/company\/2910227\",\"https:\/\/www.youtube.com\/user\/Fisiotek3000\"]},{\"@type\":\"Person\",\"@id\":\"https:\/\/rimec.it\/#\/schema\/person\/5473d9faa5548ef9c0eefd33b75e373a\",\"name\":\"Anna Ap\"}]}<\/script>\n<!-- \/ Yoast SEO plugin. -->","yoast_head_json":{"title":"\u00a1RIMEC cumple 45 a\u00f1os! Gracias por acompa\u00f1arnos en este viaje. - Rimec","robots":{"index":"index","follow":"follow","max-snippet":"max-snippet:-1","max-image-preview":"max-image-preview:large","max-video-preview":"max-video-preview:-1"},"canonical":"https:\/\/rimec.it\/es\/actualizaciones\/rimec-cumple-45-anos-gracias-por-acompanarnos-en-este-viaje\/","og_locale":"es_ES","og_type":"article","og_title":"\u00a1RIMEC cumple 45 a\u00f1os! Gracias por acompa\u00f1arnos en este viaje. - Rimec","og_description":"Hoy RIMEC celebra un hito importante: 45 a\u00f1os desde su fundaci\u00f3n, a\u00f1os que nos han visto protagonistas de muchos cambios pero siempre bajo el signo de la confiabilidad.Desde hace muchos a\u00f1os somos reconocidos por nuestros dispositivos CPM Fisiotek que siempre han representado la excelencia en t\u00e9rminos de precisi\u00f3n mec\u00e1nica y robustez.Estos a\u00f1os han estado marcados [&hellip;]","og_url":"https:\/\/rimec.it\/es\/actualizaciones\/rimec-cumple-45-anos-gracias-por-acompanarnos-en-este-viaje\/","og_site_name":"Rimec","article_publisher":"https:\/\/www.facebook.com\/pages\/Rimec-Srl\/442323525800057","article_published_time":"2025-03-17T13:51:05+00:00","article_modified_time":"2025-03-17T13:51:06+00:00","og_image":[{"width":1024,"height":748,"url":"https:\/\/rimec.it\/wp-content\/uploads\/2025\/03\/1-1024x748.png","type":"image\/png"}],"author":"Anna Ap","twitter_card":"summary_large_image","twitter_misc":{"Escrito por":"Anna Ap","Tiempo de lectura":"1 minuto"},"schema":{"@context":"https:\/\/schema.org","@graph":[{"@type":"Article","@id":"https:\/\/rimec.it\/es\/actualizaciones\/rimec-cumple-45-anos-gracias-por-acompanarnos-en-este-viaje\/#article","isPartOf":{"@id":"https:\/\/rimec.it\/es\/actualizaciones\/rimec-cumple-45-anos-gracias-por-acompanarnos-en-este-viaje\/"},"author":{"name":"Anna Ap","@id":"https:\/\/rimec.it\/#\/schema\/person\/5473d9faa5548ef9c0eefd33b75e373a"},"headline":"\u00a1RIMEC cumple 45 a\u00f1os! Gracias por acompa\u00f1arnos en este viaje.","datePublished":"2025-03-17T13:51:05+00:00","dateModified":"2025-03-17T13:51:06+00:00","mainEntityOfPage":{"@id":"https:\/\/rimec.it\/es\/actualizaciones\/rimec-cumple-45-anos-gracias-por-acompanarnos-en-este-viaje\/"},"wordCount":184,"commentCount":0,"publisher":{"@id":"https:\/\/rimec.it\/#organization"},"image":{"@id":"https:\/\/rimec.it\/es\/actualizaciones\/rimec-cumple-45-anos-gracias-por-acompanarnos-en-este-viaje\/#primaryimage"},"thumbnailUrl":"https:\/\/rimec.it\/wp-content\/uploads\/2025\/03\/1.png","articleSection":["Actualizaciones"],"inLanguage":"es"},{"@type":"WebPage","@id":"https:\/\/rimec.it\/es\/actualizaciones\/rimec-cumple-45-anos-gracias-por-acompanarnos-en-este-viaje\/","url":"https:\/\/rimec.it\/es\/actualizaciones\/rimec-cumple-45-anos-gracias-por-acompanarnos-en-este-viaje\/","name":"\u00a1RIMEC cumple 45 a\u00f1os! Gracias por acompa\u00f1arnos en este viaje. - Rimec","isPartOf":{"@id":"https:\/\/rimec.it\/#website"},"primaryImageOfPage":{"@id":"https:\/\/rimec.it\/es\/actualizaciones\/rimec-cumple-45-anos-gracias-por-acompanarnos-en-este-viaje\/#primaryimage"},"image":{"@id":"https:\/\/rimec.it\/es\/actualizaciones\/rimec-cumple-45-anos-gracias-por-acompanarnos-en-este-viaje\/#primaryimage"},"thumbnailUrl":"https:\/\/rimec.it\/wp-content\/uploads\/2025\/03\/1.png","datePublished":"2025-03-17T13:51:05+00:00","dateModified":"2025-03-17T13:51:06+00:00","breadcrumb":{"@id":"https:\/\/rimec.it\/es\/actualizaciones\/rimec-cumple-45-anos-gracias-por-acompanarnos-en-este-viaje\/#breadcrumb"},"inLanguage":"es","potentialAction":[{"@type":"ReadAction","target":["https:\/\/rimec.it\/es\/actualizaciones\/rimec-cumple-45-anos-gracias-por-acompanarnos-en-este-viaje\/"]}]},{"@type":"ImageObject","inLanguage":"es","@id":"https:\/\/rimec.it\/es\/actualizaciones\/rimec-cumple-45-anos-gracias-por-acompanarnos-en-este-viaje\/#primaryimage","url":"https:\/\/rimec.it\/wp-content\/uploads\/2025\/03\/1.png","contentUrl":"https:\/\/rimec.it\/wp-content\/uploads\/2025\/03\/1.png","width":4347,"height":3175,"caption":"Immagine che rappresenta i vari traguardi in ambito medico raggiunti da Rimec nei suoi 45 anni di attivit\u00e0"},{"@type":"BreadcrumbList","@id":"https:\/\/rimec.it\/es\/actualizaciones\/rimec-cumple-45-anos-gracias-por-acompanarnos-en-este-viaje\/#breadcrumb","itemListElement":[{"@type":"ListItem","position":1,"name":"Home","item":"https:\/\/rimec.it\/es\/"},{"@type":"ListItem","position":2,"name":"\u00a1RIMEC cumple 45 a\u00f1os! Gracias por acompa\u00f1arnos en este viaje."}]},{"@type":"WebSite","@id":"https:\/\/rimec.it\/#website","url":"https:\/\/rimec.it\/","name":"Rimec - Mobilizzazione passiva","description":"Mobilizzazione passiva dal 1980","publisher":{"@id":"https:\/\/rimec.it\/#organization"},"potentialAction":[{"@type":"SearchAction","target":{"@type":"EntryPoint","urlTemplate":"https:\/\/rimec.it\/?s={search_term_string}"},"query-input":{"@type":"PropertyValueSpecification","valueRequired":true,"valueName":"search_term_string"}}],"inLanguage":"es"},{"@type":"Organization","@id":"https:\/\/rimec.it\/#organization","name":"Rimec Srl","url":"https:\/\/rimec.it\/","logo":{"@type":"ImageObject","inLanguage":"es","@id":"https:\/\/rimec.it\/#\/schema\/logo\/image\/","url":"https:\/\/rimec.it\/wp-content\/uploads\/2016\/07\/logo-Rimec-big.png","contentUrl":"https:\/\/rimec.it\/wp-content\/uploads\/2016\/07\/logo-Rimec-big.png","width":2000,"height":778,"caption":"Rimec Srl"},"image":{"@id":"https:\/\/rimec.it\/#\/schema\/logo\/image\/"},"sameAs":["https:\/\/www.facebook.com\/pages\/Rimec-Srl\/442323525800057","https:\/\/www.linkedin.com\/company\/2910227","https:\/\/www.youtube.com\/user\/Fisiotek3000"]},{"@type":"Person","@id":"https:\/\/rimec.it\/#\/schema\/person\/5473d9faa5548ef9c0eefd33b75e373a","name":"Anna Ap"}]}},"_links":{"self":[{"href":"https:\/\/rimec.it\/es\/wp-json\/wp\/v2\/posts\/11830","targetHints":{"allow":["GET"]}}],"collection":[{"href":"https:\/\/rimec.it\/es\/wp-json\/wp\/v2\/posts"}],"about":[{"href":"https:\/\/rimec.it\/es\/wp-json\/wp\/v2\/types\/post"}],"author":[{"embeddable":true,"href":"https:\/\/rimec.it\/es\/wp-json\/wp\/v2\/users\/3"}],"replies":[{"embeddable":true,"href":"https:\/\/rimec.it\/es\/wp-json\/wp\/v2\/comments?post=11830"}],"version-history":[{"count":1,"href":"https:\/\/rimec.it\/es\/wp-json\/wp\/v2\/posts\/11830\/revisions"}],"predecessor-version":[{"id":11831,"href":"https:\/\/rimec.it\/es\/wp-json\/wp\/v2\/posts\/11830\/revisions\/11831"}],"wp:featuredmedia":[{"embeddable":true,"href":"https:\/\/rimec.it\/es\/wp-json\/wp\/v2\/media\/11816"}],"wp:attachment":[{"href":"https:\/\/rimec.it\/es\/wp-json\/wp\/v2\/media?parent=11830"}],"wp:term":[{"taxonomy":"category","embeddable":true,"href":"https:\/\/rimec.it\/es\/wp-json\/wp\/v2\/categories?post=11830"},{"taxonomy":"post_tag","embeddable":true,"href":"https:\/\/rimec.it\/es\/wp-json\/wp\/v2\/tags?post=11830"}],"curies":[{"name":"wp","href":"https:\/\/api.w.org\/{rel}","templated":true}]}}